{"id":70,"date":"2016-10-12T08:27:51","date_gmt":"2016-10-12T08:27:51","guid":{"rendered":"http:\/\/smartwpress.com\/lucille2\/?p=70"},"modified":"2024-02-06T20:18:55","modified_gmt":"2024-02-06T19:18:55","slug":"about-us","status":"publish","type":"post","link":"https:\/\/eduardmarquinaselfa.com\/?p=70","title":{"rendered":"Marquina-Selfa, del ball al concert"},"content":{"rendered":"\n<p>Publicado por\u00a0<a href=\"https:\/\/www.apuntmedia.es\/programes\/territori-sonor\/cap-de-cartell\/16-09-2022-pianista-eduard-marquina_135_1545446.html\">Redacci\u00f3 El Temps &#8211; Jorge Garc\u00eda<\/a><\/p>\n\n\n\n<p>Aix\u00ed com arriben les magranes al mercat \u2014la Mollar d\u2019Elx, per cert, \u00e9s una de les millors del m\u00f3n\u2014, amb el mes de setembre va arribar tamb\u00e9 el jazz puntual a les cartelleres. Concerts, presentacions, gires, nous discos i gravacions en marxa ens tenen ja ben entretinguts.<\/p>\n","protected":false},"excerpt":{"rendered":"<p>Publicado por\u00a0Redacci\u00f3 El Temps &#8211; Jorge Garc\u00eda Aix\u00ed com arriben les magranes al mercat \u2014la Mollar d\u2019Elx, per cert, \u00e9s una de les millors del m\u00f3n\u2014, amb el mes de setembre va arribar tamb\u00e9 el jazz puntual a les cartelleres&#8230;.<\/p>\n","protected":false},"author":1,"featured_media":2791,"comment_status":"open","ping_status":"open","sticky":false,"template":"","format":"standard","meta":{"footnotes":""},"categories":[17,18,1],"tags":[],"class_list":["post-70","post","type-post","status-publish","format-standard","has-post-thumbnail","hentry","category-discussion","category-music","category-uncategorized"],"_links":{"self":[{"href":"https:\/\/eduardmarquinaselfa.com\/index.php?rest_route=\/wp\/v2\/posts\/70","targetHints":{"allow":["GET"]}}],"collection":[{"href":"https:\/\/eduardmarquinaselfa.com\/index.php?rest_route=\/wp\/v2\/posts"}],"about":[{"href":"https:\/\/eduardmarquinaselfa.com\/index.php?rest_route=\/wp\/v2\/types\/post"}],"author":[{"embeddable":true,"href":"https:\/\/eduardmarquinaselfa.com\/index.php?rest_route=\/wp\/v2\/users\/1"}],"replies":[{"embeddable":true,"href":"https:\/\/eduardmarquinaselfa.com\/index.php?rest_route=%2Fwp%2Fv2%2Fcomments&post=70"}],"version-history":[{"count":1,"href":"https:\/\/eduardmarquinaselfa.com\/index.php?rest_route=\/wp\/v2\/posts\/70\/revisions"}],"predecessor-version":[{"id":2862,"href":"https:\/\/eduardmarquinaselfa.com\/index.php?rest_route=\/wp\/v2\/posts\/70\/revisions\/2862"}],"wp:featuredmedia":[{"embeddable":true,"href":"https:\/\/eduardmarquinaselfa.com\/index.php?rest_route=\/wp\/v2\/media\/2791"}],"wp:attachment":[{"href":"https:\/\/eduardmarquinaselfa.com\/index.php?rest_route=%2Fwp%2Fv2%2Fmedia&parent=70"}],"wp:term":[{"taxonomy":"category","embeddable":true,"href":"https:\/\/eduardmarquinaselfa.com\/index.php?rest_route=%2Fwp%2Fv2%2Fcategories&post=70"},{"taxonomy":"post_tag","embeddable":true,"href":"https:\/\/eduardmarquinaselfa.com\/index.php?rest_route=%2Fwp%2Fv2%2Ftags&post=70"}],"curies":[{"name":"wp","href":"https:\/\/api.w.org\/{rel}","templated":true}]}}